{"id":11510,"date":"2026-04-23T09:44:29","date_gmt":"2026-04-23T09:44:29","guid":{"rendered":"https:\/\/onlygal.es\/juridico\/?p=11510"},"modified":"2026-04-23T09:45:53","modified_gmt":"2026-04-23T09:45:53","slug":"asuntos-legales-que-preocupan-a-los-espanoles","status":"publish","type":"post","link":"https:\/\/onlygal.es\/juridico\/asuntos-legales-que-preocupan-a-los-espanoles\/","title":{"rendered":"Estos los principales asuntos legales que preocupan a los espa\u00f1oles"},"content":{"rendered":"<p><span data-contrast=\"auto\">La declaraci\u00f3n de impuestos (35%), las herencias (31%) y la jubilaci\u00f3n (30%) son los principales asuntos legales que generan preocupaci\u00f3n entre los espa\u00f1oles. As\u00ed lo confirma el Bar\u00f3metro de la Protecci\u00f3n Jur\u00eddica presentado por\u00a0onLygal, la compa\u00f1\u00eda especialista en soluciones de protecci\u00f3n jur\u00eddica y servicios legales. Con esta herramienta, la compa\u00f1\u00eda analiza, peri\u00f3dicamente, el pulso de la actualidad en torno a las preocupaciones de los espa\u00f1oles en el \u00e1mbito legal, as\u00ed como su nivel de conocimiento jur\u00eddico.<\/span><span data-ccp-props=\"{}\">\u00a0<\/span><\/p>\n<h2><span data-contrast=\"auto\">Impuestos, herencias y jubilaci\u00f3n, a la cabeza de la lista<\/span><\/h2>\n<p><span data-contrast=\"auto\">\u201cLas principales preocupaciones legales de los espa\u00f1oles se concentran en decisiones que tienen un impacto directo sobre su econom\u00eda personal y familiar. La fiscalidad, las herencias y la jubilaci\u00f3n son cuestiones complejas con importantes implicaciones personales que exigen cada vez m\u00e1s informaci\u00f3n, anticipaci\u00f3n y acompa\u00f1amiento experto y, adem\u00e1s, afectan a momentos especialmente sensibles en la vida de las personas\u201d, afirma Nat\u00e0lia Ma\u00f1as, responsable del Centro de Atenci\u00f3n Jur\u00eddica de\u00a0onLygal.\u00a0<\/span><span data-ccp-props=\"{}\">\u00a0<\/span><\/p>\n<p><span data-contrast=\"auto\">Seg\u00fan estos datos, la baja laboral y la solicitud de ayudas y subvenciones completan los primeros puestos del Bar\u00f3metro, en el que la modificaci\u00f3n de las condiciones laborales entra por primera vez con fuerza en la 6\u00aa posici\u00f3n. Cierran este Top 10 los asuntos legales relacionados con el \u00e1mbito de la vivienda \u2013el alquiler, la comunidad de vecinos y la compraventa\u2013, as\u00ed como las estafas.\u00a0<\/span><span data-ccp-props=\"{}\">\u00a0<\/span><\/p>\n<p><span data-contrast=\"auto\">\u201cEntre las razones que podr\u00edan explicar por qu\u00e9 los cambios de las condiciones laborales preocupan, en mayor medida, en la actualidad destacar\u00eda el hecho de que muchas empresas est\u00e1n adapt\u00e1ndose a cambios econ\u00f3micos, tecnol\u00f3gicos y organizativos para mantener competitividad. Esto puede implicar ajustes en horarios, funciones, salarios o lugares de trabajo que generan inquietud en el trabajador respecto a sus derechos o estabilidad laboral\u201d, comenta Ma\u00f1as.\u00a0<\/span><span data-ccp-props=\"{}\">\u00a0<\/span><\/p>\n<h2><span data-contrast=\"auto\">\u00a0<\/span><span data-contrast=\"auto\">Preocupaciones legales por \u00e1mbitos<\/span><\/h2>\n<p><span data-contrast=\"auto\">\u00a0Pese a que los espa\u00f1oles hemos mejorado en conocimientos legales, aprobando con una nota media de 5 \u2013frente al 4,83 alcanzado en estudios anteriores\u2013, el 70% considera que desconoce en gran medida sus derechos y solo el 20% de los encuestados afirma saber c\u00f3mo funciona el sistema judicial.\u00a0<\/span><span data-ccp-props=\"{}\">\u00a0<\/span><\/p>\n<p><span data-contrast=\"auto\">En una l\u00ednea similar, un 54% afirma no confiar en su propio conocimiento legal. Entre otras razones, porque lo adquiere por v\u00edas informales. En concreto, las lecturas y publicaciones contin\u00faan siendo la principal fuente de informaci\u00f3n (49%), seguida de Internet (39%) y del entorno cercano con conocimientos legales (27%). Por el contrario, las v\u00edas formales siguen siendo minoritarias.<\/span><span data-ccp-props=\"{}\">\u00a0<\/span><\/p>\n<h3><span data-contrast=\"auto\">Laboral<\/span><\/h3>\n<p><span data-contrast=\"auto\">El 62% de las personas consultadas afirma haber tenido alguna duda legal sobre cuestiones laborales. Las m\u00e1s frecuentes siguen siendo las relativas a la jubilaci\u00f3n (30%) y la baja laboral (25%), superando ambas los niveles registrados en 2024. Les siguen las modificaciones de las condiciones laborales (23%).<\/span><span data-ccp-props=\"{&quot;335551550&quot;:6,&quot;335551620&quot;:6}\">\u00a0<\/span><\/p>\n<h3><span data-contrast=\"auto\">Familiar<\/span><span data-ccp-props=\"{&quot;335551550&quot;:6,&quot;335551620&quot;:6}\">\u00a0<\/span><\/h3>\n<p><span data-contrast=\"auto\">M\u00e1s de la mitad de los espa\u00f1oles han tenido alg\u00fan tipo de inquietud jur\u00eddica en este \u00e1mbito (54%), seis puntos por encima de datos registrados en estudios previos (2024). Las herencias destacan como el tema que m\u00e1s dudas suscita (31%), seguidas a distancia de la gesti\u00f3n patrimonial (11%) y los conflictos con la Administraci\u00f3n p\u00fablica (10%).<\/span><span data-ccp-props=\"{&quot;335551550&quot;:6,&quot;335551620&quot;:6}\">\u00a0<\/span><\/p>\n<h3><span data-contrast=\"auto\">Vivienda<\/span><\/h3>\n<p><span data-contrast=\"auto\">Casi la mitad de las personas consultadas (47%) ha experimentado alg\u00fan tipo de cuesti\u00f3n jur\u00eddica relacionada con la vivienda. Las relativas a la comunidad y vecinos (20%) y al alquiler (20%) encabezan los motivos, seguidas muy de cerca por la compraventa de vivienda (19%).<\/span><span data-ccp-props=\"{&quot;335551550&quot;:6,&quot;335551620&quot;:6}\">\u00a0<\/span><\/p>\n<h3><span data-contrast=\"auto\">Econ\u00f3mico-fiscal<\/span><span data-ccp-props=\"{&quot;335551550&quot;:6,&quot;335551620&quot;:6}\">\u00a0<\/span><\/h3>\n<p><span data-contrast=\"auto\">El 52% declara haber tenido dudas de legales en este \u00e1mbito. La declaraci\u00f3n de impuestos destaca como el tema m\u00e1s frecuente (34%). Le siguen la solicitud de ayudas y subvenciones (23%), y los contratos bancarios (12%).<\/span><span data-ccp-props=\"{&quot;335551550&quot;:6,&quot;335551620&quot;:6}\">\u00a0<\/span><\/p>\n<h3><span data-contrast=\"auto\">Movilidad y transporte<\/span><\/h3>\n<p><span data-contrast=\"auto\">En este \u00e1mbito, es un 30% la proporci\u00f3n de personas que afirman haber tenido dudas legales, superior al 22% del estudio de 2024.\u00a0 Las multas siguen siendo el principal motivo (16%), seguidas de la compraventa de veh\u00edculos (13%). Los accidentes de tr\u00e1fico representan un 6%, mientras que las agresiones mantienen una menor incidencia (2%).<\/span><span data-ccp-props=\"{&quot;335551550&quot;:6,&quot;335551620&quot;:6}\">\u00a0<\/span><\/p>\n<h3><span data-contrast=\"auto\">Consumo, viajes e Internet<\/span><span data-ccp-props=\"{&quot;335551550&quot;:6,&quot;335551620&quot;:6}\">\u00a0<\/span><\/h3>\n<p><span data-contrast=\"auto\">El 40% afirma haber tenido dudas relacionadas con este \u00e1mbito, en el que destacan las estafas (16%), seguidas de los viajes (15%) y las compras (14%).\u00a0Tanto los servicios y suministros como las suscripciones alcanzan el 10%, al tiempo que el acoso por Internet se sit\u00faa en un 3%.<\/span><span data-ccp-props=\"{&quot;335551550&quot;:6,&quot;335551620&quot;:6}\">\u00a0<\/span><\/p>\n<h2><span data-contrast=\"auto\">A qui\u00e9nes acudimos para resolver estas dudas y preocupaciones<\/span><span data-ccp-props=\"{&quot;335551550&quot;:6,&quot;335551620&quot;:6}\">\u00a0<\/span><\/h2>\n<p><span data-contrast=\"auto\">Seg\u00fan el Bar\u00f3metro de la Protecci\u00f3n Jur\u00eddica de\u00a0onLygal,<\/span><span data-contrast=\"auto\">\u00a0<\/span><span data-contrast=\"auto\">los abogados son la principal fuente de consulta para dudas sobre separaci\u00f3n o divorcio (74%); asuntos laborales (52%); uso de Internet (49%); problemas relacionados con contratos (44%); herencias (42%) \u2013 cuestiones para las que tambi\u00e9n se consulta a los notarios (26%)\u2013 y multas de tr\u00e1fico u otras sanciones (36%).\u00a0\u00a0 <\/span><span data-ccp-props=\"{&quot;335551550&quot;:6,&quot;335551620&quot;:6}\">\u00a0<\/span><\/p>\n<p><span data-contrast=\"auto\">Asimismo, acudimos mayoritariamente a los gestores para dudas sobre la declaraci\u00f3n de renta y deducciones fiscales (60%); el r\u00e9gimen de aut\u00f3nomos o la creaci\u00f3n de empresas (46%); el alquiler de vivienda (39%), la gesti\u00f3n patrimonial (38%) y la compraventa de vivienda (32%). Por su parte, las webs especializadas son la fuente m\u00e1s utilizada para aclarar dudas sobre la compra de productos y la contrataci\u00f3n de servicios y suministros (34%), as\u00ed como para solicitar ayudas, becas y subvenciones (33%). A todas ellas se a\u00f1ade la Inteligencia Artificial que ha irrumpido como fuente de consulta en los dos \u00faltimos a\u00f1os.\u00a0<\/span><span data-ccp-props=\"{&quot;335551550&quot;:6,&quot;335551620&quot;:6}\">\u00a0<\/span><\/p>\n<p><span data-contrast=\"auto\">\u201cLos espa\u00f1oles seguimos un escalado progresivo para la resoluci\u00f3n de las dudas: primero consultamos fuentes accesibles y, si el problema lo requiere, acudimos a los profesionales especializados. Asimismo, seg\u00fan datos de este Bar\u00f3metro, la mayor\u00eda de los problemas legales no derivan en acciones formales y se resuelven sin judicializaci\u00f3n. Ante un conflicto, la v\u00eda judicial es minoritaria, predominando la resoluci\u00f3n informal o la no actuaci\u00f3n\u201d, concluye Ma\u00f1as.<\/span><span data-ccp-props=\"{&quot;335551550&quot;:6,&quot;335551620&quot;:6}\">\u00a0<\/span><\/p>\n","protected":false},"excerpt":{"rendered":"<p>La declaraci\u00f3n de impuestos (35%), las herencias (31%) y la jubilaci\u00f3n (30%) son los principales asuntos legales que generan preocupaci\u00f3n entre los espa\u00f1oles. As\u00ed lo confirma el Bar\u00f3metro de la Protecci\u00f3n Jur\u00eddica presentado por\u00a0onLygal, la compa\u00f1\u00eda especialista en soluciones de protecci\u00f3n jur\u00eddica y servicios legales. Con esta herramienta, la compa\u00f1\u00eda analiza, peri\u00f3dicamente, el pulso de [&hellip;]<\/p>\n","protected":false},"author":1,"featured_media":11511,"comment_status":"open","ping_status":"open","sticky":false,"template":"","format":"standard","meta":{"_acf_changed":false,"footnotes":""},"categories":[30,56,196],"tags":[206,201,200],"class_list":["post-11510","post","type-post","status-publish","format-standard","has-post-thumbnail","hentry","category-familia","category-negocios","category-onlygal-corporativo","tag-familia","tag-impuestos","tag-negocios"],"acf":[],"_links":{"self":[{"href":"https:\/\/onlygal.es\/juridico\/wp-json\/wp\/v2\/posts\/11510","targetHints":{"allow":["GET"]}}],"collection":[{"href":"https:\/\/onlygal.es\/juridico\/wp-json\/wp\/v2\/posts"}],"about":[{"href":"https:\/\/onlygal.es\/juridico\/wp-json\/wp\/v2\/types\/post"}],"author":[{"embeddable":true,"href":"https:\/\/onlygal.es\/juridico\/wp-json\/wp\/v2\/users\/1"}],"replies":[{"embeddable":true,"href":"https:\/\/onlygal.es\/juridico\/wp-json\/wp\/v2\/comments?post=11510"}],"version-history":[{"count":1,"href":"https:\/\/onlygal.es\/juridico\/wp-json\/wp\/v2\/posts\/11510\/revisions"}],"predecessor-version":[{"id":11512,"href":"https:\/\/onlygal.es\/juridico\/wp-json\/wp\/v2\/posts\/11510\/revisions\/11512"}],"wp:featuredmedia":[{"embeddable":true,"href":"https:\/\/onlygal.es\/juridico\/wp-json\/wp\/v2\/media\/11511"}],"wp:attachment":[{"href":"https:\/\/onlygal.es\/juridico\/wp-json\/wp\/v2\/media?parent=11510"}],"wp:term":[{"taxonomy":"category","embeddable":true,"href":"https:\/\/onlygal.es\/juridico\/wp-json\/wp\/v2\/categories?post=11510"},{"taxonomy":"post_tag","embeddable":true,"href":"https:\/\/onlygal.es\/juridico\/wp-json\/wp\/v2\/tags?post=11510"}],"curies":[{"name":"wp","href":"https:\/\/api.w.org\/{rel}","templated":true}]}}