{"id":11507,"date":"2026-04-23T09:32:20","date_gmt":"2026-04-23T09:32:20","guid":{"rendered":"https:\/\/onlygal.es\/juridico\/?p=11507"},"modified":"2026-04-23T09:34:22","modified_gmt":"2026-04-23T09:34:22","slug":"revisar-el-borrador-de-la-renta-ahorrar-hasta-1-000-euros","status":"publish","type":"post","link":"https:\/\/onlygal.es\/juridico\/revisar-el-borrador-de-la-renta-ahorrar-hasta-1-000-euros\/","title":{"rendered":"onLygal recuerda: revisar el borrador de la Renta nos puede ahorrar hasta 1.000 euros"},"content":{"rendered":"<p><span data-contrast=\"auto\">Con el inicio de la Campa\u00f1a de la Declaraci\u00f3n de la Renta de 2025, que empez\u00f3 hace pocos d\u00edas y que estar\u00e1 activa hasta el pr\u00f3ximo 30 de junio, llega uno de los momentos m\u00e1s relevantes del calendario de los contribuyentes, no exento de dudas y consultas que, en muchos casos, requieren de asesoramiento especializado.\u00a0\u00a0<\/span><span data-ccp-props=\"{&quot;335551550&quot;:6,&quot;335551620&quot;:6}\">\u00a0<\/span><\/p>\n<p><span data-contrast=\"auto\">\u00a0En este contexto,\u00a0onLygal, compa\u00f1\u00eda especializada en soluciones legales, lanza un mensaje claro: revisar el borrador y aplicar correctamente las deducciones fiscales puede suponer un ahorro significativo que, en algunos casos, puede llegar a los 1.000 euros.\u00a0<\/span><span data-ccp-props=\"{&quot;335551550&quot;:6,&quot;335551620&quot;:6}\">\u00a0<\/span><\/p>\n<p><span data-contrast=\"auto\">\u00a0\u201cSon muchos los contribuyentes que presentan la declaraci\u00f3n sin comprobar, entre otras cosas, si se han aplicado todas las deducciones disponibles, especialmente las auton\u00f3micas, que no siempre aparecen incorporadas autom\u00e1ticamente\u201d, explica se\u00f1ala Nat\u00e0lia Ma\u00f1as, abogada responsable del Centro de Asistencia Jur\u00eddica de\u00a0onLygal.<\/span><span data-ccp-props=\"{&quot;335551550&quot;:6,&quot;335551620&quot;:6}\">\u00a0<\/span><\/p>\n<h2><span data-contrast=\"auto\">Principales novedades de la Campa\u00f1a de 2025<\/span><span data-ccp-props=\"{}\">\u00a0<\/span><\/h2>\n<p><span data-contrast=\"auto\">Entre las principales novedades introducidas por la Agencia Tributaria en esta campa\u00f1a, adem\u00e1s del nuevo simulador online Renta Web Open para calcular el resultado de la declaraci\u00f3n, desde\u00a0onLygal\u00a0destacan:<\/span><span data-ccp-props=\"{}\">\u00a0<\/span><\/p>\n<ul>\n<li aria-setsize=\"-1\" data-leveltext=\"\uf0b7\" data-font=\"Symbol\" data-listid=\"1\" data-list-defn-props=\"{&quot;335552541&quot;:1,&quot;335559685&quot;:720,&quot;335559991&quot;:360,&quot;469769226&quot;:&quot;Symbol&quot;,&quot;469769242&quot;:[8226],&quot;469777803&quot;:&quot;left&quot;,&quot;469777804&quot;:&quot;\uf0b7&quot;,&quot;469777815&quot;:&quot;hybridMultilevel&quot;}\" data-aria-posinset=\"1\" data-aria-level=\"1\"><span data-contrast=\"auto\">La deducci\u00f3n directa de 340 euros por el cobro del Salario M\u00ednimo Interprofesional.\u00a0<\/span><span data-ccp-props=\"{}\">\u00a0<\/span><\/li>\n<\/ul>\n<ul>\n<li aria-setsize=\"-1\" data-leveltext=\"\uf0b7\" data-font=\"Symbol\" data-listid=\"1\" data-list-defn-props=\"{&quot;335552541&quot;:1,&quot;335559685&quot;:720,&quot;335559991&quot;:360,&quot;469769226&quot;:&quot;Symbol&quot;,&quot;469769242&quot;:[8226],&quot;469777803&quot;:&quot;left&quot;,&quot;469777804&quot;:&quot;\uf0b7&quot;,&quot;469777815&quot;:&quot;hybridMultilevel&quot;}\" data-aria-posinset=\"2\" data-aria-level=\"1\"><span data-contrast=\"auto\">Los beneficiarios de prestaciones por desempleo ya no est\u00e1n obligados a declarar si no superan ciertos ingresos.\u00a0<\/span><span data-ccp-props=\"{}\">\u00a0<\/span><\/li>\n<\/ul>\n<ul>\n<li aria-setsize=\"-1\" data-leveltext=\"\uf0b7\" data-font=\"Symbol\" data-listid=\"1\" data-list-defn-props=\"{&quot;335552541&quot;:1,&quot;335559685&quot;:720,&quot;335559991&quot;:360,&quot;469769226&quot;:&quot;Symbol&quot;,&quot;469769242&quot;:[8226],&quot;469777803&quot;:&quot;left&quot;,&quot;469777804&quot;:&quot;\uf0b7&quot;,&quot;469777815&quot;:&quot;hybridMultilevel&quot;}\" data-aria-posinset=\"3\" data-aria-level=\"1\"><span data-contrast=\"auto\">Las rentas del ahorro superiores a 300.000 euros tributar\u00e1n al 30%.\u00a0<\/span><span data-ccp-props=\"{}\">\u00a0<\/span><\/li>\n<\/ul>\n<ul>\n<li aria-setsize=\"-1\" data-leveltext=\"\uf0b7\" data-font=\"Symbol\" data-listid=\"1\" data-list-defn-props=\"{&quot;335552541&quot;:1,&quot;335559685&quot;:720,&quot;335559991&quot;:360,&quot;469769226&quot;:&quot;Symbol&quot;,&quot;469769242&quot;:[8226],&quot;469777803&quot;:&quot;left&quot;,&quot;469777804&quot;:&quot;\uf0b7&quot;,&quot;469777815&quot;:&quot;hybridMultilevel&quot;}\" data-aria-posinset=\"4\" data-aria-level=\"1\"><span data-contrast=\"auto\">Se prorrogan las deducciones por:<\/span><span data-ccp-props=\"{}\">\u00a0<\/span><\/li>\n<\/ul>\n<p><span data-contrast=\"auto\">Mejora de la eficiencia energ\u00e9tica (hasta el 60%).\u00a0<\/span><span data-ccp-props=\"{&quot;335559685&quot;:720}\">\u00a0<\/span><\/p>\n<p><span data-contrast=\"auto\">Compra de veh\u00edculos el\u00e9ctricos (15%).<\/span><span data-ccp-props=\"{&quot;335559685&quot;:720}\">\u00a0<\/span><\/p>\n<ul>\n<li aria-setsize=\"-1\" data-leveltext=\"\uf0b7\" data-font=\"Symbol\" data-listid=\"1\" data-list-defn-props=\"{&quot;335552541&quot;:1,&quot;335559685&quot;:720,&quot;335559991&quot;:360,&quot;469769226&quot;:&quot;Symbol&quot;,&quot;469769242&quot;:[8226],&quot;469777803&quot;:&quot;left&quot;,&quot;469777804&quot;:&quot;\uf0b7&quot;,&quot;469777815&quot;:&quot;hybridMultilevel&quot;}\" data-aria-posinset=\"5\" data-aria-level=\"1\"><span data-contrast=\"auto\">Exenci\u00f3n fiscal para ayudas derivadas de DANA o incendios.\u00a0<\/span><span data-ccp-props=\"{}\">\u00a0<\/span><\/li>\n<\/ul>\n<ul>\n<li aria-setsize=\"-1\" data-leveltext=\"\uf0b7\" data-font=\"Symbol\" data-listid=\"1\" data-list-defn-props=\"{&quot;335552541&quot;:1,&quot;335559685&quot;:720,&quot;335559991&quot;:360,&quot;469769226&quot;:&quot;Symbol&quot;,&quot;469769242&quot;:[8226],&quot;469777803&quot;:&quot;left&quot;,&quot;469777804&quot;:&quot;\uf0b7&quot;,&quot;469777815&quot;:&quot;hybridMultilevel&quot;}\" data-aria-posinset=\"6\" data-aria-level=\"1\"><span data-contrast=\"auto\">Posibilidad de pagar la declaraci\u00f3n mediante\u00a0Bizum.<\/span><span data-ccp-props=\"{}\">\u00a0<\/span><\/li>\n<\/ul>\n<p><span data-contrast=\"auto\">M\u00e1s all\u00e1 de las novedades,\u00a0onLygal\u00a0insiste en que el mayor margen de ahorro est\u00e1 en las deducciones fiscales no aplicadas autom\u00e1ticamente en el borrador. Entre las m\u00e1s relevantes destacan:<\/span><span data-ccp-props=\"{}\">\u00a0<\/span><\/p>\n<ul>\n<li aria-setsize=\"-1\" data-leveltext=\"\uf0b7\" data-font=\"Symbol\" data-listid=\"3\" data-list-defn-props=\"{&quot;335552541&quot;:1,&quot;335559685&quot;:720,&quot;335559991&quot;:360,&quot;469769226&quot;:&quot;Symbol&quot;,&quot;469769242&quot;:[8226],&quot;469777803&quot;:&quot;left&quot;,&quot;469777804&quot;:&quot;\uf0b7&quot;,&quot;469777815&quot;:&quot;hybridMultilevel&quot;}\" data-aria-posinset=\"1\" data-aria-level=\"1\"><span data-contrast=\"auto\">Compra de vivienda habitual (anterior a 2013): hasta un 15% de deducci\u00f3n (con un l\u00edmite m\u00e1ximo de 9.040 \u20ac base), incluyendo los pagos de la hipoteca y el coste los seguros vinculados a la compra o a la hipoteca, as\u00ed como algunos costes de financiaci\u00f3n.\u00a0<\/span><span data-ccp-props=\"{}\">\u00a0<\/span><\/li>\n<\/ul>\n<ul>\n<li aria-setsize=\"-1\" data-leveltext=\"\uf0b7\" data-font=\"Symbol\" data-listid=\"3\" data-list-defn-props=\"{&quot;335552541&quot;:1,&quot;335559685&quot;:720,&quot;335559991&quot;:360,&quot;469769226&quot;:&quot;Symbol&quot;,&quot;469769242&quot;:[8226],&quot;469777803&quot;:&quot;left&quot;,&quot;469777804&quot;:&quot;\uf0b7&quot;,&quot;469777815&quot;:&quot;hybridMultilevel&quot;}\" data-aria-posinset=\"2\" data-aria-level=\"1\"><span data-contrast=\"auto\">Alquiler: beneficios tanto para inquilinos como propietarios, con reducciones de hasta el 90%.\u00a0<\/span><span data-ccp-props=\"{}\">\u00a0<\/span><\/li>\n<\/ul>\n<ul>\n<li aria-setsize=\"-1\" data-leveltext=\"\uf0b7\" data-font=\"Symbol\" data-listid=\"3\" data-list-defn-props=\"{&quot;335552541&quot;:1,&quot;335559685&quot;:720,&quot;335559991&quot;:360,&quot;469769226&quot;:&quot;Symbol&quot;,&quot;469769242&quot;:[8226],&quot;469777803&quot;:&quot;left&quot;,&quot;469777804&quot;:&quot;\uf0b7&quot;,&quot;469777815&quot;:&quot;hybridMultilevel&quot;}\" data-aria-posinset=\"3\" data-aria-level=\"1\"><span data-contrast=\"auto\">Inversi\u00f3n en obras de mejora de la eficiencia energ\u00e9tica de la vivienda: deducciones de entre el 20% y el 60%, contemplando acciones como la sustituci\u00f3n de ventanas o mejoras en el aislamiento, o la mejora del consumo de energ\u00eda no renovable.\u00a0<\/span><\/li>\n<\/ul>\n<ul>\n<li aria-setsize=\"-1\" data-leveltext=\"\uf0b7\" data-font=\"Symbol\" data-listid=\"3\" data-list-defn-props=\"{&quot;335552541&quot;:1,&quot;335559685&quot;:720,&quot;335559991&quot;:360,&quot;469769226&quot;:&quot;Symbol&quot;,&quot;469769242&quot;:[8226],&quot;469777803&quot;:&quot;left&quot;,&quot;469777804&quot;:&quot;\uf0b7&quot;,&quot;469777815&quot;:&quot;hybridMultilevel&quot;}\" data-aria-posinset=\"4\" data-aria-level=\"1\"><span data-contrast=\"auto\">Planes de pensiones: las aportaciones a planes individuales permiten reducir la base imponible hasta en 1.500\u20ac anuales.\u00a0Si se contribuye tambi\u00e9n a un plan de empresa, podr\u00e1 deducirse hasta un total de 10.000\u20ac.\u00a0<\/span><span data-ccp-props=\"{}\">\u00a0<\/span><\/li>\n<\/ul>\n<ul>\n<li aria-setsize=\"-1\" data-leveltext=\"\uf0b7\" data-font=\"Symbol\" data-listid=\"3\" data-list-defn-props=\"{&quot;335552541&quot;:1,&quot;335559685&quot;:720,&quot;335559991&quot;:360,&quot;469769226&quot;:&quot;Symbol&quot;,&quot;469769242&quot;:[8226],&quot;469777803&quot;:&quot;left&quot;,&quot;469777804&quot;:&quot;\uf0b7&quot;,&quot;469777815&quot;:&quot;hybridMultilevel&quot;}\" data-aria-posinset=\"5\" data-aria-level=\"1\"><span data-contrast=\"auto\">Donaciones: hasta el 80% en los primeros 250 \u20ac, y entre el 35% y 40% del importe restante. Para aportaciones peri\u00f3dicas a la misma entidad, la deducci\u00f3n ser\u00e1 mayor.\u00a0<\/span><span data-ccp-props=\"{}\">\u00a0<\/span><\/li>\n<\/ul>\n<ul>\n<li aria-setsize=\"-1\" data-leveltext=\"\uf0b7\" data-font=\"Symbol\" data-listid=\"3\" data-list-defn-props=\"{&quot;335552541&quot;:1,&quot;335559685&quot;:720,&quot;335559991&quot;:360,&quot;469769226&quot;:&quot;Symbol&quot;,&quot;469769242&quot;:[8226],&quot;469777803&quot;:&quot;left&quot;,&quot;469777804&quot;:&quot;\uf0b7&quot;,&quot;469777815&quot;:&quot;hybridMultilevel&quot;}\" data-aria-posinset=\"6\" data-aria-level=\"1\"><span data-contrast=\"auto\">Familia (maternidad, discapacidad, familia numerosa): hasta 1.200\u20ac anuales por cada hijo menor de tres a\u00f1os, adem\u00e1s de otras deducciones si se trata de una familia numerosa o hay personas con discapacidad a cargo.\u00a0\u00a0<\/span><span data-ccp-props=\"{}\">\u00a0<\/span><\/li>\n<\/ul>\n<ul>\n<li aria-setsize=\"-1\" data-leveltext=\"\uf0b7\" data-font=\"Symbol\" data-listid=\"3\" data-list-defn-props=\"{&quot;335552541&quot;:1,&quot;335559685&quot;:720,&quot;335559991&quot;:360,&quot;469769226&quot;:&quot;Symbol&quot;,&quot;469769242&quot;:[8226],&quot;469777803&quot;:&quot;left&quot;,&quot;469777804&quot;:&quot;\uf0b7&quot;,&quot;469777815&quot;:&quot;hybridMultilevel&quot;}\" data-aria-posinset=\"7\" data-aria-level=\"1\"><span data-contrast=\"auto\">Veh\u00edculo el\u00e9ctrico: deducci\u00f3n del 15% del importe de compra, teniendo en cuenta una base m\u00e1xima de 20.000 euros.\u00a0<\/span><span data-ccp-props=\"{}\">\u00a0<\/span><\/li>\n<\/ul>\n<ul>\n<li aria-setsize=\"-1\" data-leveltext=\"\uf0b7\" data-font=\"Symbol\" data-listid=\"3\" data-list-defn-props=\"{&quot;335552541&quot;:1,&quot;335559685&quot;:720,&quot;335559991&quot;:360,&quot;469769226&quot;:&quot;Symbol&quot;,&quot;469769242&quot;:[8226],&quot;469777803&quot;:&quot;left&quot;,&quot;469777804&quot;:&quot;\uf0b7&quot;,&quot;469777815&quot;:&quot;hybridMultilevel&quot;}\" data-aria-posinset=\"8\" data-aria-level=\"1\"><span data-contrast=\"auto\">Aut\u00f3nomos: desgravaciones en gastos, suministros o inicio de actividad.<\/span><span data-ccp-props=\"{}\">\u00a0<\/span><\/li>\n<\/ul>\n<h2><span data-contrast=\"auto\">Deducciones auton\u00f3micas: las grandes olvidadas<\/span><span data-ccp-props=\"{}\">\u00a0<\/span><\/h2>\n<p><span data-contrast=\"auto\">Uno de los puntos donde m\u00e1s ahorro se pierde est\u00e1 en las deducciones auton\u00f3micas. En Espa\u00f1a, existen m\u00e1s de 300 deducciones regionales, muchas de ellas no incluidas en el borrador, por conceptos como el alquiler de vivienda habitual, el nacimiento o adopci\u00f3n de hijos, los gastos educativos o la asistencia a personas dependientes.\u00a0<\/span><span data-ccp-props=\"{&quot;335551550&quot;:6,&quot;335551620&quot;:6}\">\u00a0<\/span><\/p>\n<p><span data-contrast=\"auto\">Los expertos de\u00a0onLygal\u00a0recuerdan que estas no suelen venir aplicadas en el borrador, por lo hay que a\u00f1adirlas manualmente. En este sentido, antes de presentar la renta, es aconsejable revisar la normativa espec\u00edfica de la Comunidad Aut\u00f3noma en la que viva el contribuyente, para aprovechar las deducciones auton\u00f3micas disponibles, que pueden representar, seg\u00fan el caso, entre 300 \u20ac y 1.000 \u20ac de ahorro.\u00a0<\/span><span data-ccp-props=\"{&quot;335551550&quot;:6,&quot;335551620&quot;:6}\">\u00a0<\/span><\/p>\n<p><span data-contrast=\"auto\">\u201cLa Declaraci\u00f3n de la Renta suele ser una de las citas anuales m\u00e1s retadoras del calendario del contribuyente, si no se cuenta con la informaci\u00f3n adecuada y actualizada. Por ello, revisar el borrador y conocer y aplicar las deducciones disponibles puede marcar una diferencia importante en el resultado final y aprovechar los m\u00e1ximos beneficios fiscales posibles\u201d, concluye Ma\u00f1as.<\/span><span data-ccp-props=\"{&quot;335551550&quot;:6,&quot;335551620&quot;:6}\">\u00a0<\/span><\/p>\n","protected":false},"excerpt":{"rendered":"<p>Con el inicio de la Campa\u00f1a de la Declaraci\u00f3n de la Renta de 2025, que empez\u00f3 hace pocos d\u00edas y que estar\u00e1 activa hasta el pr\u00f3ximo 30 de junio, llega uno de los momentos m\u00e1s relevantes del calendario de los contribuyentes, no exento de dudas y consultas que, en muchos casos, requieren de asesoramiento especializado.\u00a0\u00a0\u00a0 [&hellip;]<\/p>\n","protected":false},"author":1,"featured_media":11508,"comment_status":"open","ping_status":"open","sticky":false,"template":"","format":"standard","meta":{"_acf_changed":false,"footnotes":""},"categories":[30,194,56,196],"tags":[206,201],"class_list":["post-11507","post","type-post","status-publish","format-standard","has-post-thumbnail","hentry","category-familia","category-impuestos","category-negocios","category-onlygal-corporativo","tag-familia","tag-impuestos"],"acf":[],"_links":{"self":[{"href":"https:\/\/onlygal.es\/juridico\/wp-json\/wp\/v2\/posts\/11507","targetHints":{"allow":["GET"]}}],"collection":[{"href":"https:\/\/onlygal.es\/juridico\/wp-json\/wp\/v2\/posts"}],"about":[{"href":"https:\/\/onlygal.es\/juridico\/wp-json\/wp\/v2\/types\/post"}],"author":[{"embeddable":true,"href":"https:\/\/onlygal.es\/juridico\/wp-json\/wp\/v2\/users\/1"}],"replies":[{"embeddable":true,"href":"https:\/\/onlygal.es\/juridico\/wp-json\/wp\/v2\/comments?post=11507"}],"version-history":[{"count":1,"href":"https:\/\/onlygal.es\/juridico\/wp-json\/wp\/v2\/posts\/11507\/revisions"}],"predecessor-version":[{"id":11509,"href":"https:\/\/onlygal.es\/juridico\/wp-json\/wp\/v2\/posts\/11507\/revisions\/11509"}],"wp:featuredmedia":[{"embeddable":true,"href":"https:\/\/onlygal.es\/juridico\/wp-json\/wp\/v2\/media\/11508"}],"wp:attachment":[{"href":"https:\/\/onlygal.es\/juridico\/wp-json\/wp\/v2\/media?parent=11507"}],"wp:term":[{"taxonomy":"category","embeddable":true,"href":"https:\/\/onlygal.es\/juridico\/wp-json\/wp\/v2\/categories?post=11507"},{"taxonomy":"post_tag","embeddable":true,"href":"https:\/\/onlygal.es\/juridico\/wp-json\/wp\/v2\/tags?post=11507"}],"curies":[{"name":"wp","href":"https:\/\/api.w.org\/{rel}","templated":true}]}}