{"id":11472,"date":"2026-03-09T12:23:22","date_gmt":"2026-03-09T12:23:22","guid":{"rendered":"https:\/\/onlygal.es\/juridico\/?p=11472"},"modified":"2026-03-09T14:22:41","modified_gmt":"2026-03-09T14:22:41","slug":"bonificacion-alquiler-para-arrendadores","status":"publish","type":"post","link":"https:\/\/onlygal.es\/juridico\/bonificacion-alquiler-para-arrendadores\/","title":{"rendered":"Bonificaci\u00f3n en el alquiler para arrendadores: Lo que debes saber en 2026"},"content":{"rendered":"<p><span data-contrast=\"auto\">La subida de los precios de la vivienda ha provocado una avalancha de regulaciones en el sector. Los poderes\u00a0p\u00fablicos buscan contener la subida con medidas diversas que afectan tanto a inquilinos como a propietarios.\u00a0El 8 de abril comenzar\u00e1 la campa\u00f1a de la\u00a0Renta 2026. Una campa\u00f1a en la que los ciudadanos deben\u00a0transmitir a Hacienda los ingresos y los gastos que han tenido.\u00a0<\/span><span data-ccp-props=\"{&quot;335551550&quot;:6,&quot;335551620&quot;:6}\">\u00a0<\/span><\/p>\n<p><span data-contrast=\"auto\">Si tienes una vivienda en propiedad y quieres saber las deducciones que te puedes aplicar, sigue leyendo. Te explicamos todas las bonificaciones\u00a0que te beneficiar\u00e1n este a\u00f1o. Porque en\u00a0onLygal\u00a0siempre nos preocupamos\u00a0por tus intereses. Nuestros seguros de\u00a0<\/span><a href=\"https:\/\/seguroalquiler.onlygal.es\/\"><span data-contrast=\"none\">impago de alquiler<\/span><\/a><span data-contrast=\"auto\">\u00a0defender\u00e1n tus intereses ante situaciones de conflicto con tu inquilino.\u00a0<\/span><span data-ccp-props=\"{&quot;335551550&quot;:6,&quot;335551620&quot;:6}\">\u00a0<\/span><\/p>\n<h2><span data-contrast=\"auto\">\u00bfQu\u00e9 deducciones puedo aplicar como propietario de vivienda en alquiler en 2026?<\/span><\/h2>\n<p><span data-contrast=\"auto\">Como propietario de una\u00a0vivienda en alquiler, puedes acogerte a\u00a0las siguientes bonificaciones\u00a0(para contratos firmados posteriormente al 1 de enero de 2024):<\/span><span data-ccp-props=\"{}\">\u00a0<\/span><\/p>\n<ul>\n<li aria-setsize=\"-1\" data-leveltext=\"\uf0b7\" data-font=\"Symbol\" data-listid=\"5\" data-list-defn-props=\"{&quot;335552541&quot;:1,&quot;335559685&quot;:720,&quot;335559991&quot;:360,&quot;469769226&quot;:&quot;Symbol&quot;,&quot;469769242&quot;:[8226],&quot;469777803&quot;:&quot;left&quot;,&quot;469777804&quot;:&quot;\uf0b7&quot;,&quot;469777815&quot;:&quot;hybridMultilevel&quot;}\" data-aria-posinset=\"1\" data-aria-level=\"1\"><b><span data-contrast=\"auto\">Reducci\u00f3n del 50%:<\/span><\/b><span data-contrast=\"auto\">\u00a0General para todo tipo de alquileres residenciales\u00a0(siempre que est\u00e9 en una zona tensionada).<\/span><span data-ccp-props=\"{}\">\u00a0<\/span><\/li>\n<\/ul>\n<ul>\n<li aria-setsize=\"-1\" data-leveltext=\"\uf0b7\" data-font=\"Symbol\" data-listid=\"5\" data-list-defn-props=\"{&quot;335552541&quot;:1,&quot;335559685&quot;:720,&quot;335559991&quot;:360,&quot;469769226&quot;:&quot;Symbol&quot;,&quot;469769242&quot;:[8226],&quot;469777803&quot;:&quot;left&quot;,&quot;469777804&quot;:&quot;\uf0b7&quot;,&quot;469777815&quot;:&quot;hybridMultilevel&quot;}\" data-aria-posinset=\"2\" data-aria-level=\"1\"><b><span data-contrast=\"auto\">Reducci\u00f3n del 60%:<\/span><\/b><span data-contrast=\"auto\">\u00a0Si se han ejecutado obras de rehabilitaci\u00f3n en la vivienda en los dos a\u00f1os anteriores, siempre que esta mejore la eficiencia energ\u00e9tica, accesibilidad o habitabilidad de la vivienda.<\/span><span data-ccp-props=\"{}\">\u00a0<\/span><\/li>\n<\/ul>\n<ul>\n<li aria-setsize=\"-1\" data-leveltext=\"\uf0b7\" data-font=\"Symbol\" data-listid=\"5\" data-list-defn-props=\"{&quot;335552541&quot;:1,&quot;335559685&quot;:720,&quot;335559991&quot;:360,&quot;469769226&quot;:&quot;Symbol&quot;,&quot;469769242&quot;:[8226],&quot;469777803&quot;:&quot;left&quot;,&quot;469777804&quot;:&quot;\uf0b7&quot;,&quot;469777815&quot;:&quot;hybridMultilevel&quot;}\" data-aria-posinset=\"3\" data-aria-level=\"1\"><b><span data-contrast=\"auto\">Reducci\u00f3n del\u00a070%:<\/span><\/b><span data-contrast=\"auto\">\u00a0Cuando se arriende la vivienda por primera vez en zona tensionada a j\u00f3venes de entre 18 y 35 a\u00f1os.\u00a0Deben cumplirse estos tres criterios, no solo uno.<\/span><span data-ccp-props=\"{}\">\u00a0<\/span><\/li>\n<\/ul>\n<ul>\n<li aria-setsize=\"-1\" data-leveltext=\"\uf0b7\" data-font=\"Symbol\" data-listid=\"5\" data-list-defn-props=\"{&quot;335552541&quot;:1,&quot;335559685&quot;:720,&quot;335559991&quot;:360,&quot;469769226&quot;:&quot;Symbol&quot;,&quot;469769242&quot;:[8226],&quot;469777803&quot;:&quot;left&quot;,&quot;469777804&quot;:&quot;\uf0b7&quot;,&quot;469777815&quot;:&quot;hybridMultilevel&quot;}\" data-aria-posinset=\"4\" data-aria-level=\"1\"><b><span data-contrast=\"auto\">Reducci\u00f3n del\u00a090%:<\/span><\/b><span data-contrast=\"auto\">\u00a0Si se firma un contrato en zona tensionada y se rebaja un 5% respecto al contrato anterior.\u00a0Debe tratarse de un nuevo contrato de arrendamiento, y\u00a0debe destinarse a vivienda habitual del inquilino.<\/span><span data-ccp-props=\"{}\">\u00a0<\/span><span data-ccp-props=\"{}\">\u00a0<\/span><\/li>\n<\/ul>\n<h2><span data-contrast=\"auto\">Requisitos para aplicar las bonificaciones<\/span><\/h2>\n<p><span data-contrast=\"auto\">No todos los propietarios pueden acogerse a estos beneficios fiscales. La aplicaci\u00f3n de las bonificaciones est\u00e1 sujeta a requisitos. Adem\u00e1s de los requisitos espec\u00edficos que hemos\u00a0mencionado anteriormente, tambi\u00e9n existen unos requisitos generales que se deben respetar:<\/span><span data-ccp-props=\"{}\">\u00a0<\/span><\/p>\n<ul>\n<li aria-setsize=\"-1\" data-leveltext=\"\uf0b7\" data-font=\"Symbol\" data-listid=\"4\" data-list-defn-props=\"{&quot;335552541&quot;:1,&quot;335559685&quot;:720,&quot;335559991&quot;:360,&quot;469769226&quot;:&quot;Symbol&quot;,&quot;469769242&quot;:[8226],&quot;469777803&quot;:&quot;left&quot;,&quot;469777804&quot;:&quot;\uf0b7&quot;,&quot;469777815&quot;:&quot;hybridMultilevel&quot;}\" data-aria-posinset=\"1\" data-aria-level=\"1\"><span data-contrast=\"auto\">La vivienda debe estar destinada a la vivienda habitual del inquilino<\/span><span data-ccp-props=\"{}\">\u00a0<\/span><\/li>\n<\/ul>\n<ul>\n<li aria-setsize=\"-1\" data-leveltext=\"\uf0b7\" data-font=\"Symbol\" data-listid=\"4\" data-list-defn-props=\"{&quot;335552541&quot;:1,&quot;335559685&quot;:720,&quot;335559991&quot;:360,&quot;469769226&quot;:&quot;Symbol&quot;,&quot;469769242&quot;:[8226],&quot;469777803&quot;:&quot;left&quot;,&quot;469777804&quot;:&quot;\uf0b7&quot;,&quot;469777815&quot;:&quot;hybridMultilevel&quot;}\" data-aria-posinset=\"2\" data-aria-level=\"1\"><span data-contrast=\"auto\">Se deben presentar facturas y justificantes que demuestren la ocupaci\u00f3n de la vivienda o si se han hecho reformas en los dos \u00faltimos a\u00f1os<\/span><span data-ccp-props=\"{}\">\u00a0<\/span><\/li>\n<\/ul>\n<ul>\n<li aria-setsize=\"-1\" data-leveltext=\"\uf0b7\" data-font=\"Symbol\" data-listid=\"4\" data-list-defn-props=\"{&quot;335552541&quot;:1,&quot;335559685&quot;:720,&quot;335559991&quot;:360,&quot;469769226&quot;:&quot;Symbol&quot;,&quot;469769242&quot;:[8226],&quot;469777803&quot;:&quot;left&quot;,&quot;469777804&quot;:&quot;\uf0b7&quot;,&quot;469777815&quot;:&quot;hybridMultilevel&quot;}\" data-aria-posinset=\"3\" data-aria-level=\"1\"><span data-contrast=\"auto\">Debe existir tambi\u00e9n un contrato de arrendamiento que demuestre la relaci\u00f3n contractual.<\/span><span data-ccp-props=\"{}\">\u00a0<\/span><\/li>\n<\/ul>\n<h2><span data-contrast=\"auto\">Qu\u00e9 gastos se pueden deducir del alquiler de una vivienda<\/span><span data-ccp-props=\"{}\">\u00a0<\/span><\/h2>\n<p><span data-contrast=\"auto\">Adem\u00e1s\u00a0del alquiler propiamente dicho,\u00a0tambi\u00e9n se pueden deducir\u00a0ciertos gastos asociados a la posesi\u00f3n de una vivienda en alquiler:<\/span><span data-ccp-props=\"{}\">\u00a0<\/span><\/p>\n<ul>\n<li aria-setsize=\"-1\" data-leveltext=\"\uf0b7\" data-font=\"Symbol\" data-listid=\"3\" data-list-defn-props=\"{&quot;335552541&quot;:1,&quot;335559685&quot;:720,&quot;335559991&quot;:360,&quot;469769226&quot;:&quot;Symbol&quot;,&quot;469769242&quot;:[8226],&quot;469777803&quot;:&quot;left&quot;,&quot;469777804&quot;:&quot;\uf0b7&quot;,&quot;469777815&quot;:&quot;hybridMultilevel&quot;}\" data-aria-posinset=\"1\" data-aria-level=\"1\"><b><span data-contrast=\"auto\">Suministros y servicios:\u00a0<\/span><\/b><span data-contrast=\"auto\">el agua o la electricidad se pueden desgravar en su totalidad siempre y cuando sea el propietario el que las abone, siempre vinculado a un contrato de alquiler.\u00a0No olvides adjuntar las facturas necesarias.\u00a0<\/span><span data-ccp-props=\"{}\">\u00a0<\/span><\/li>\n<\/ul>\n<ul>\n<li aria-setsize=\"-1\" data-leveltext=\"\uf0b7\" data-font=\"Symbol\" data-listid=\"3\" data-list-defn-props=\"{&quot;335552541&quot;:1,&quot;335559685&quot;:720,&quot;335559991&quot;:360,&quot;469769226&quot;:&quot;Symbol&quot;,&quot;469769242&quot;:[8226],&quot;469777803&quot;:&quot;left&quot;,&quot;469777804&quot;:&quot;\uf0b7&quot;,&quot;469777815&quot;:&quot;hybridMultilevel&quot;}\" data-aria-posinset=\"2\" data-aria-level=\"1\"><b><span data-contrast=\"auto\">Impuestos y tasas:<\/span><\/b><span data-contrast=\"auto\">\u00a0Los impuestos y tasas municipales tambi\u00e9n se pueden deducir\u00a0en tu declaraci\u00f3n de la\u00a0Renta como propietario de una vivienda en alquiler.<\/span><span data-ccp-props=\"{}\">\u00a0<\/span><\/li>\n<\/ul>\n<ul>\n<li aria-setsize=\"-1\" data-leveltext=\"\uf0b7\" data-font=\"Symbol\" data-listid=\"3\" data-list-defn-props=\"{&quot;335552541&quot;:1,&quot;335559685&quot;:720,&quot;335559991&quot;:360,&quot;469769226&quot;:&quot;Symbol&quot;,&quot;469769242&quot;:[8226],&quot;469777803&quot;:&quot;left&quot;,&quot;469777804&quot;:&quot;\uf0b7&quot;,&quot;469777815&quot;:&quot;hybridMultilevel&quot;}\" data-aria-posinset=\"3\" data-aria-level=\"1\"><b><span data-contrast=\"auto\">Seguros de impago de alquiler:<\/span><\/b><span data-contrast=\"auto\">\u00a0Los seguros relacionados con el hogar y el cobro del alquiler tambi\u00e9n son deducibles al 100%.\u00a0<\/span><span data-ccp-props=\"{}\">\u00a0<\/span><\/li>\n<\/ul>\n<ul>\n<li aria-setsize=\"-1\" data-leveltext=\"\uf0b7\" data-font=\"Symbol\" data-listid=\"3\" data-list-defn-props=\"{&quot;335552541&quot;:1,&quot;335559685&quot;:720,&quot;335559991&quot;:360,&quot;469769226&quot;:&quot;Symbol&quot;,&quot;469769242&quot;:[8226],&quot;469777803&quot;:&quot;left&quot;,&quot;469777804&quot;:&quot;\uf0b7&quot;,&quot;469777815&quot;:&quot;hybridMultilevel&quot;}\" data-aria-posinset=\"4\" data-aria-level=\"1\"><b><span data-contrast=\"auto\">Conservaci\u00f3n del inmueble:<\/span><\/b><span data-contrast=\"auto\">\u00a0La rehabilitaci\u00f3n del hogar tambi\u00e9n\u00a0implica deducciones totales.\u00a0<\/span><span data-ccp-props=\"{}\">\u00a0<\/span><\/li>\n<\/ul>\n<h2><span data-contrast=\"auto\">C\u00f3mo declarar el alquiler en 2026 <\/span><span data-ccp-props=\"{}\">\u00a0<\/span><\/h2>\n<p><span data-contrast=\"auto\">Para declarar el alquiler de la\u00a0Renta en este 2026 debes enviar los siguientes datos:<\/span><span data-ccp-props=\"{}\">\u00a0<\/span><\/p>\n<ul>\n<li aria-setsize=\"-1\" data-leveltext=\"\uf0b7\" data-font=\"Symbol\" data-listid=\"2\" data-list-defn-props=\"{&quot;335552541&quot;:1,&quot;335559685&quot;:720,&quot;335559991&quot;:360,&quot;469769226&quot;:&quot;Symbol&quot;,&quot;469769242&quot;:[8226],&quot;469777803&quot;:&quot;left&quot;,&quot;469777804&quot;:&quot;\uf0b7&quot;,&quot;469777815&quot;:&quot;hybridMultilevel&quot;}\" data-aria-posinset=\"1\" data-aria-level=\"1\"><span data-contrast=\"auto\">Referencia catastral del inmueble<\/span><span data-ccp-props=\"{}\">\u00a0<\/span><\/li>\n<\/ul>\n<ul>\n<li aria-setsize=\"-1\" data-leveltext=\"\uf0b7\" data-font=\"Symbol\" data-listid=\"2\" data-list-defn-props=\"{&quot;335552541&quot;:1,&quot;335559685&quot;:720,&quot;335559991&quot;:360,&quot;469769226&quot;:&quot;Symbol&quot;,&quot;469769242&quot;:[8226],&quot;469777803&quot;:&quot;left&quot;,&quot;469777804&quot;:&quot;\uf0b7&quot;,&quot;469777815&quot;:&quot;hybridMultilevel&quot;}\" data-aria-posinset=\"2\" data-aria-level=\"1\"><span data-contrast=\"auto\">Datos personales del arrendador y el inquilino<\/span><span data-ccp-props=\"{}\">\u00a0<\/span><\/li>\n<\/ul>\n<ul>\n<li aria-setsize=\"-1\" data-leveltext=\"\uf0b7\" data-font=\"Symbol\" data-listid=\"2\" data-list-defn-props=\"{&quot;335552541&quot;:1,&quot;335559685&quot;:720,&quot;335559991&quot;:360,&quot;469769226&quot;:&quot;Symbol&quot;,&quot;469769242&quot;:[8226],&quot;469777803&quot;:&quot;left&quot;,&quot;469777804&quot;:&quot;\uf0b7&quot;,&quot;469777815&quot;:&quot;hybridMultilevel&quot;}\" data-aria-posinset=\"3\" data-aria-level=\"1\"><span data-contrast=\"auto\">Per\u00edodo de ocupaci\u00f3n\u00a0<\/span><span data-ccp-props=\"{}\">\u00a0<\/span><\/li>\n<\/ul>\n<ul>\n<li aria-setsize=\"-1\" data-leveltext=\"\uf0b7\" data-font=\"Symbol\" data-listid=\"2\" data-list-defn-props=\"{&quot;335552541&quot;:1,&quot;335559685&quot;:720,&quot;335559991&quot;:360,&quot;469769226&quot;:&quot;Symbol&quot;,&quot;469769242&quot;:[8226],&quot;469777803&quot;:&quot;left&quot;,&quot;469777804&quot;:&quot;\uf0b7&quot;,&quot;469777815&quot;:&quot;hybridMultilevel&quot;}\" data-aria-posinset=\"4\" data-aria-level=\"1\"><span data-contrast=\"auto\">Importe \u00edntegro del alquiler durante el a\u00f1o<\/span><span data-ccp-props=\"{}\">\u00a0<\/span><\/li>\n<\/ul>\n<p><span data-contrast=\"auto\">Al importe que hayas pagado durante el a\u00f1o deber\u00e1s\u00a0restarle\u00a0los gastos deducibles\u00a0que te correspondan. Recuerda adjuntar las facturas y documentos necesarios que prueben el motivo de las deducciones.\u00a0<\/span><span data-ccp-props=\"{}\">\u00a0<\/span><\/p>\n<h2><span data-contrast=\"auto\">Preguntas Frecuentes <\/span><span data-ccp-props=\"{}\">\u00a0<\/span><\/h2>\n<h3><span data-contrast=\"auto\">\u00bfC\u00f3mo puedo saber si mi vivienda en alquiler est\u00e1 en una zona tensionada?<\/span><span data-ccp-props=\"{}\">\u00a0<\/span><\/h3>\n<p><span data-contrast=\"auto\">Para saber si tu vivienda est\u00e1 situada en una zona declarada como tensionada, puedes consultar la web del\u00a0<\/span><a href=\"https:\/\/www.mivau.gob.es\/vivienda\/alquila-bien-es-tu-derecho\/serpavi\/consultar-zonas-de-mercado-residencial-tensionado\" target=\"_blank\" rel=\"noopener\"><span data-contrast=\"none\">Ministerio de Vivienda y Agenda Urbana<\/span><\/a><span data-contrast=\"auto\">.\u00a0Como las\u00a0Comunidades\u00a0Aut\u00f3nomas son las responsables de declarar las zonas tensionadas, tambi\u00e9n puedes consultar la informaci\u00f3n en la web de tu comunidad.<\/span><span data-ccp-props=\"{}\">\u00a0<\/span><\/p>\n<h3><span data-contrast=\"auto\">\u00bfQu\u00e9 documentos necesito para aplicar la deducci\u00f3n del 90% de mi vivienda en alquiler?<\/span><\/h3>\n<p><span data-contrast=\"auto\">Para aplicar la deducci\u00f3n del 90%, es necesario presentar los documentos que acrediten la situaci\u00f3n\u00a0para reducir un 5%\u00a0el\u00a0\u00a0precio\u00a0del alquiler.\u00a0As\u00ed, en tu declaraci\u00f3n deber\u00e1s presentar:<\/span><span data-ccp-props=\"{}\">\u00a0<\/span><\/p>\n<ul>\n<li aria-setsize=\"-1\" data-leveltext=\"\uf0b7\" data-font=\"Symbol\" data-listid=\"1\" data-list-defn-props=\"{&quot;335552541&quot;:1,&quot;335559685&quot;:720,&quot;335559991&quot;:360,&quot;469769226&quot;:&quot;Symbol&quot;,&quot;469769242&quot;:[8226],&quot;469777803&quot;:&quot;left&quot;,&quot;469777804&quot;:&quot;\uf0b7&quot;,&quot;469777815&quot;:&quot;hybridMultilevel&quot;}\" data-aria-posinset=\"1\" data-aria-level=\"1\"><b><span data-contrast=\"auto\">Contrato de arrendamiento anterior:<\/span><\/b><span data-contrast=\"auto\">\u00a0que indique claramente la fecha de entrada en vigor, el precio de la\u00a0Renta y los datos personales de ambas partes.<\/span><span data-ccp-props=\"{}\">\u00a0<\/span><\/li>\n<\/ul>\n<ul>\n<li aria-setsize=\"-1\" data-leveltext=\"\uf0b7\" data-font=\"Symbol\" data-listid=\"1\" data-list-defn-props=\"{&quot;335552541&quot;:1,&quot;335559685&quot;:720,&quot;335559991&quot;:360,&quot;469769226&quot;:&quot;Symbol&quot;,&quot;469769242&quot;:[8226],&quot;469777803&quot;:&quot;left&quot;,&quot;469777804&quot;:&quot;\uf0b7&quot;,&quot;469777815&quot;:&quot;hybridMultilevel&quot;}\" data-aria-posinset=\"2\" data-aria-level=\"1\"><b><span data-contrast=\"auto\">Contrato de arrendamiento nuevo:\u00a0<\/span><\/b><span data-contrast=\"auto\">donde quede reflejada la nueva\u00a0Renta, la fecha de\u00a0la firma, que pruebe que se trata de la misma vivienda y que se destina a\u00a0residencia\u00a0habitual.<\/span><span data-ccp-props=\"{}\">\u00a0<\/span><\/li>\n<\/ul>\n<h2><span data-contrast=\"auto\">Conclusi\u00f3n<\/span><span data-ccp-props=\"{}\">\u00a0<\/span><\/h2>\n<p><span data-contrast=\"auto\">Ser propietario de una vivienda en alquiler implica responsabilidades como propietario.\u00a0Pero tambi\u00e9n supone tener que hacer frente a obligaciones tributarias.\u00a0Por suerte, en los \u00faltimos a\u00f1os se\u00a0han\u00a0aprobado beneficios fiscales\u00a0en forma de amplias deducciones para due\u00f1os de casas en alquiler.\u00a0\u00a0<\/span><span data-ccp-props=\"{&quot;335551550&quot;:6,&quot;335551620&quot;:6}\">\u00a0<\/span><\/p>\n<p><span data-contrast=\"auto\">En consecuencia, te puedes desgravar el 50%, el 60%,\u00a0el\u00a070% y hasta el 90% del alquiler que percibas.\u00a0Para ello, debes reunir una serie de requisitos, como no aumentar\u00a0el precio de la\u00a0Renta o incluso rebajarlo si vives en alguna zona de alquiler tensionado.\u00a0<\/span><span data-ccp-props=\"{&quot;335551550&quot;:6,&quot;335551620&quot;:6}\">\u00a0<\/span><\/p>\n<p><span data-contrast=\"auto\">No solo las rebajas fiscales te ayudar\u00e1n a mejorar tus rentas. Los seguros de impago de alquiler de\u00a0onLygal\u00a0tambi\u00e9n te proteger\u00e1n frente a\u00a0posibles incumplimientos de tus inquilinos. Adem\u00e1s, nos encargaremos de defender tus intereses\u00a0y darte asesoramiento jur\u00eddico.\u00a0Porque con\u00a0<\/span><a href=\"https:\/\/onlygal.es\/particulares\/vivienda\/soy-propietario\/\"><span data-contrast=\"none\">onLygal<\/span><\/a><span data-contrast=\"auto\">, tus rentas siempre estar\u00e1n seguras.<\/span><span data-ccp-props=\"{&quot;335551550&quot;:6,&quot;335551620&quot;:6}\">\u00a0<\/span><\/p>\n","protected":false},"excerpt":{"rendered":"<p>La subida de los precios de la vivienda ha provocado una avalancha de regulaciones en el sector. Los poderes\u00a0p\u00fablicos buscan contener la subida con medidas diversas que afectan tanto a inquilinos como a propietarios.\u00a0El 8 de abril comenzar\u00e1 la campa\u00f1a de la\u00a0Renta 2026. Una campa\u00f1a en la que los ciudadanos deben\u00a0transmitir a Hacienda los ingresos [&hellip;]<\/p>\n","protected":false},"author":1,"featured_media":11473,"comment_status":"open","ping_status":"open","sticky":false,"template":"","format":"standard","meta":{"_acf_changed":false,"footnotes":""},"categories":[166,55,168],"tags":[],"class_list":["post-11472","post","type-post","status-publish","format-standard","has-post-thumbnail","hentry","category-contratos-de-alquiler","category-inmueble","category-propietarios"],"acf":[],"_links":{"self":[{"href":"https:\/\/onlygal.es\/juridico\/wp-json\/wp\/v2\/posts\/11472","targetHints":{"allow":["GET"]}}],"collection":[{"href":"https:\/\/onlygal.es\/juridico\/wp-json\/wp\/v2\/posts"}],"about":[{"href":"https:\/\/onlygal.es\/juridico\/wp-json\/wp\/v2\/types\/post"}],"author":[{"embeddable":true,"href":"https:\/\/onlygal.es\/juridico\/wp-json\/wp\/v2\/users\/1"}],"replies":[{"embeddable":true,"href":"https:\/\/onlygal.es\/juridico\/wp-json\/wp\/v2\/comments?post=11472"}],"version-history":[{"count":1,"href":"https:\/\/onlygal.es\/juridico\/wp-json\/wp\/v2\/posts\/11472\/revisions"}],"predecessor-version":[{"id":11474,"href":"https:\/\/onlygal.es\/juridico\/wp-json\/wp\/v2\/posts\/11472\/revisions\/11474"}],"wp:featuredmedia":[{"embeddable":true,"href":"https:\/\/onlygal.es\/juridico\/wp-json\/wp\/v2\/media\/11473"}],"wp:attachment":[{"href":"https:\/\/onlygal.es\/juridico\/wp-json\/wp\/v2\/media?parent=11472"}],"wp:term":[{"taxonomy":"category","embeddable":true,"href":"https:\/\/onlygal.es\/juridico\/wp-json\/wp\/v2\/categories?post=11472"},{"taxonomy":"post_tag","embeddable":true,"href":"https:\/\/onlygal.es\/juridico\/wp-json\/wp\/v2\/tags?post=11472"}],"curies":[{"name":"wp","href":"https:\/\/api.w.org\/{rel}","templated":true}]}}