{"id":10922,"date":"2024-03-20T12:12:29","date_gmt":"2024-03-20T10:12:29","guid":{"rendered":"https:\/\/onlygal.es\/alquiler\/?p=10922"},"modified":"2025-09-17T13:42:36","modified_gmt":"2025-09-17T11:42:36","slug":"cuando-se-considera-inquilino-vulnerable","status":"publish","type":"post","link":"https:\/\/onlygal.es\/alquiler\/cuando-se-considera-inquilino-vulnerable\/","title":{"rendered":"\u00bfCu\u00e1ndo se considera vulnerable un inquilino?\u00a0"},"content":{"rendered":"<div class=\"fusion-fullwidth fullwidth-box fusion-builder-row-1 fusion-flex-container nonhundred-percent-fullwidth non-hundred-percent-height-scrolling\" style=\"--awb-border-radius-top-left:0px;--awb-border-radius-top-right:0px;--awb-border-radius-bottom-right:0px;--awb-border-radius-bottom-left:0px;--awb-flex-wrap:wrap;\" ><div class=\"fusion-builder-row fusion-row fusion-flex-align-items-flex-start fusion-flex-content-wrap\" style=\"max-width:1248px;margin-left: calc(-4% \/ 2 );margin-right: calc(-4% \/ 2 );\"><div class=\"fusion-layout-column fusion_builder_column fusion-builder-column-0 fusion_builder_column_1_1 1_1 fusion-flex-column\" style=\"--awb-bg-size:cover;--awb-width-large:100%;--awb-margin-top-large:0px;--awb-spacing-right-large:1.92%;--awb-margin-bottom-large:20px;--awb-spacing-left-large:1.92%;--awb-width-medium:100%;--awb-order-medium:0;--awb-spacing-right-medium:1.92%;--awb-spacing-left-medium:1.92%;--awb-width-small:100%;--awb-order-small:0;--awb-spacing-right-small:1.92%;--awb-spacing-left-small:1.92%;\"><div class=\"fusion-column-wrapper fusion-column-has-shadow fusion-flex-justify-content-flex-start fusion-content-layout-column\"><div class=\"fusion-text fusion-text-1\"><p><span data-contrast=\"auto\">Con la nueva modificaci\u00f3n de la <\/span><a href=\"https:\/\/www.boe.es\/buscar\/act.php?id=BOE-A-2000-323\" target=\"_blank\" rel=\"noopener\"><span data-contrast=\"none\">ley de Vivienda 1\/2000 del 7 de enero<\/span><\/a><span data-contrast=\"auto\">, el gobierno establece un procedimiento para todo propietario con alguna vivienda de alquiler que presente un impago por parte de su inquilino, siempre y cuando sea por motivos de vulnerabilidad que le imposibilita realizar dicho pago.<\/span><span data-ccp-props=\"{\">\u00a0<\/span><\/p>\n<p><span data-contrast=\"auto\">La finalidad a la que se quiere lograr con esta nueva medida es proteger aquellos colectivos que se encuentren en un momento delicado econ\u00f3micamente, de esta forma podr\u00edan continuar residiendo en la vivienda, una necesidad vital para vivir.\u00a0<\/span><span data-ccp-props=\"{\">\u00a0<\/span><\/p>\n<p><span data-ccp-props=\"{\">\u00a0<\/span><b><span data-contrast=\"auto\">\u00bfTe encuentras en esta situaci\u00f3n?<\/span><\/b><span data-contrast=\"auto\"> En este art\u00edculo te explicaremos que factores consideran un inquilino vulnerable y cu\u00e1les son los derechos de cada una de las partes si se da el caso.<\/span><span data-ccp-props=\"{\">\u00a0<\/span><\/p>\n<h2><span data-ccp-props=\"{\">\u00a0<\/span><b><span data-contrast=\"auto\">\u00bfCu\u00e1ndo se considera un inquilino vulnerable?<\/span><\/b><span data-ccp-props=\"{\">\u00a0<\/span><\/h2>\n<p><span data-ccp-props=\"{\">\u00a0<\/span><span data-contrast=\"auto\">Para poder considerar que una persona alquilada est\u00e1 en situaci\u00f3n vulnerable deber\u00e1 cumplir una serie de factores, ya sean familiares, econ\u00f3micos o ambos. Por lo tanto, estos factores que se deben de cumplir para considerarlo son los siguientes:<\/span><span data-ccp-props=\"{\">\u00a0<\/span><\/p>\n<ul>\n<li><span data-contrast=\"auto\">Por un lado, que haya perdido su trabajo o si hubiera presenciado una reducci\u00f3n de sueldo considerable, en el caso de los trabajadores por cuenta propia debe reducirse al menos el 40 % de sus ingresos.<\/span><span data-ccp-props=\"{\">\u00a0<\/span><\/li>\n<li><span data-ccp-props=\"{\">\u00a0<\/span><span data-contrast=\"auto\">El otro factor que pueda indicar un caso de vulnerabilidad son los ingresos conjuntos de toda la unidad familiar que reside en la vivienda, que no debe superar los niveles de ingresos establecidos en la ley.<\/span><span data-ccp-props=\"{\">\u00a0<\/span><\/li>\n<\/ul>\n<p><span data-ccp-props=\"{\">\u00a0<\/span><\/p>\n<\/div>\n<div class=\"table-1\">\n<table width=\"100%\">\n<thead>\n<tr>\n<th align=\"left\"><b>Unidad familiar<\/b><\/th>\n<th align=\"left\"><b>Explicaci\u00f3n<\/b><\/th>\n<th align=\"left\"><b>L\u00edmite de ingresos<\/b><\/th>\n<\/tr>\n<\/thead>\n<tbody>\n<tr>\n<td align=\"left\">Unidad familiar (general)<\/td>\n<td align=\"left\">3 veces el IPREM<\/td>\n<td align=\"left\">El IPREM mensual es de 537,84\u20ac<br \/>\nEs decir, por unidad familiar\u00a0537,84\u20ac x 3<br \/>\nTotal: 1.613,52 euros<\/td>\n<\/tr>\n<tr>\n<td align=\"left\">+ Hijos\/as cargo<\/td>\n<td align=\"left\">0,1 veces el IPREM<\/td>\n<td align=\"left\">+ 53,78 por cada hijo\/a<br \/>\nEs decir, si tienes un hijo:\u00a01.613,52\u20ac + 53,78\u20ac<br \/>\nTotal: 1667,30 euros<\/td>\n<\/tr>\n<tr>\n<td align=\"left\">+ Hijos\/as cargo<\/td>\n<td align=\"left\">+ 0,15 veces el IPREM para familias monomarentales y monoparentales.<\/td>\n<td align=\"left\">+ 80,67 por cada hijo\/a<br \/>\nEs decir, si tienes un hijo: 1.613,52\u20ac + 80,67\u20ac<br \/>\nTotal: 1694,19 euros<\/td>\n<\/tr>\n<tr>\n<td align=\"left\">+ Personas mayores en la unidad familiar (m\u00e1s de 65 a\u00f1os)<\/td>\n<td align=\"left\">0,1 veces el IPREM<\/td>\n<td align=\"left\">+ 53,78 por cada persona mayor<br \/>\nEs decir, si tienes una persona mayor en la familia: 1.613,52\u20ac + 53,78\u20ac<br \/>\nTotal: 1667,30 euros<\/td>\n<\/tr>\n<\/tbody>\n<\/table>\n<\/div>\n<div class=\"fusion-text fusion-text-2\"><p><em><span class=\"TextRun SCXW78151372 BCX0\" lang=\"ES-ES\" xml:lang=\"ES-ES\" data-contrast=\"auto\"><span class=\"NormalTextRun SCXW78151372 BCX0\">Fuente: <\/span><\/span><a class=\"Hyperlink SCXW78151372 BCX0\" href=\"https:\/\/www.mdsocialesa2030.gob.es\/escudo-social\/desahucios-alquileres-y-vivienda\/suspension_desahucios_alzamientos.htm\" target=\"_blank\" rel=\"noreferrer noopener\"><span class=\"TextRun Underlined SCXW78151372 BCX0\" lang=\"ES-ES\" xml:lang=\"ES-ES\" data-contrast=\"none\"><span class=\"NormalTextRun SCXW78151372 BCX0\" data-ccp-charstyle=\"Hyperlink\">M<\/span><span class=\"NormalTextRun SCXW78151372 BCX0\" data-ccp-charstyle=\"Hyperlink\">inisterio de derechos sociales, consumo y agenda<\/span><\/span><\/a><span class=\"TextRun SCXW78151372 BCX0\" lang=\"ES-ES\" xml:lang=\"ES-ES\" data-contrast=\"auto\"><span class=\"NormalTextRun SCXW78151372 BCX0\">.<\/span><\/span><span class=\"EOP SCXW78151372 BCX0\" data-ccp-props=\"{&quot;201341983&quot;:0,&quot;335551550&quot;:2,&quot;335551620&quot;:2,&quot;335559740&quot;:360}\">\u00a0<\/span><\/em><\/p>\n<\/div><div class=\"fusion-text fusion-text-3\"><p><span class=\"TextRun SCXW23775468 BCX0\" lang=\"ES-ES\" xml:lang=\"ES-ES\" data-contrast=\"auto\"><span class=\"NormalTextRun SCXW23775468 BCX0\">Si algunos integrantes de la familiar presentan a<\/span><span class=\"NormalTextRun SCXW23775468 BCX0\">lg\u00fan grado de di<\/span><span class=\"NormalTextRun SCXW23775468 BCX0\">scapacidad, el l\u00edmite <\/span><span class=\"NormalTextRun SCXW23775468 BCX0\">de los ingresos au<\/span><span class=\"NormalTextRun SCXW23775468 BCX0\">mentar\u00e1.<\/span><\/span><span class=\"EOP SCXW23775468 BCX0\" data-ccp-props=\"{&quot;201341983&quot;:0,&quot;335559740&quot;:360}\">\u00a0<\/span><\/p>\n<\/div>\n<div class=\"table-1\">\n<table width=\"100%\">\n<thead>\n<tr>\n<th align=\"left\"><b>Unidad familiar<\/b><\/th>\n<th align=\"left\"><b>Explicaci\u00f3n<\/b><\/th>\n<th align=\"left\"><b>L\u00edmite de ingresos<\/b><\/th>\n<\/tr>\n<\/thead>\n<tbody>\n<tr>\n<td align=\"left\">Unidad familiar en la que alguno de sus miembros:<\/p>\n<ul>\n<li>Tiene declarada una discapacidad superior al 33%<\/li>\n<li>Situaci\u00f3n de dependencia<\/li>\n<li>Enfermedad que le incapacite permanentemente a una actividad laboral<\/li>\n<\/ul>\n<\/td>\n<td align=\"left\">4 veces el IPREM<\/td>\n<td align=\"left\">El IPREM mensual es de 537,84\u20ac<\/p>\n<p>Es decir, por unidad familiar: 537,84\u20ac x 4<\/p>\n<p>Total: 2.151,36 euros (adem\u00e1s de los posibles incrementos por hijo\/a a cargo)<\/td>\n<\/tr>\n<tr>\n<td align=\"left\">Si la persona que firm\u00f3 la hipoteca padece:<\/p>\n<ul>\n<li>Par\u00e1lisis cerebral<\/li>\n<li>Discapacidad intelectual (igual o superior al 33%)<\/li>\n<li>Discapacidad f\u00edsica o sensorial (igual o superior al 65%)<\/li>\n<li>Enfermedad grave que incapacite a la persona o a su cuidador para realizar una actividad laboral<\/li>\n<\/ul>\n<\/td>\n<td align=\"left\">5 veces el IPREM<\/td>\n<td align=\"left\">El IPREM mensual es de 537,84\u20ac<\/p>\n<p>Es decir, por unidad familiar: 537,84\u20ac x 5<\/p>\n<p>Total: 2.689,20 euros<\/td>\n<\/tr>\n<\/tbody>\n<\/table>\n<\/div>\n<div class=\"fusion-text fusion-text-4\"><p><em><span class=\"TextRun SCXW209278849 BCX0\" lang=\"ES-ES\" xml:lang=\"ES-ES\" data-contrast=\"auto\"><span class=\"NormalTextRun SCXW209278849 BCX0\">Fuente: <\/span><\/span><a class=\"Hyperlink SCXW209278849 BCX0\" href=\"https:\/\/www.mdsocialesa2030.gob.es\/escudo-social\/desahucios-alquileres-y-vivienda\/suspension_desahucios_alzamientos.htm\" target=\"_blank\" rel=\"noreferrer noopener\"><span class=\"TextRun Underlined SCXW209278849 BCX0\" lang=\"ES-ES\" xml:lang=\"ES-ES\" data-contrast=\"none\"><span class=\"NormalTextRun SCXW209278849 BCX0\" data-ccp-charstyle=\"Hyperlink\">M<\/span><span class=\"NormalTextRun SCXW209278849 BCX0\" data-ccp-charstyle=\"Hyperlink\">inisterio de derechos sociales, consumo y agenda.<\/span><\/span><\/a><span class=\"EOP SCXW209278849 BCX0\" data-ccp-props=\"{\">\u00a0<\/span><\/em><\/p>\n<\/div><div class=\"fusion-text fusion-text-5\"><h3>\u00bfQui\u00e9nes son considerados miembros de la unidad familiar?<\/h3>\n<p><span data-ccp-props=\"{\">\u00a0<\/span><span data-contrast=\"auto\">El impago de un alquiler por motivos de vulnerabilidad no afecta solo a una persona, sino a una unidad familiar, por tanto, \u00bfqui\u00e9nes son los considerados miembros de esta? En este contexto consideramos a las siguientes personas;<\/span><span data-ccp-props=\"{\">\u00a0<\/span><\/p>\n<p><span data-contrast=\"auto\">En primer lugar, la misma persona que ha firmado el contrato de alquiler, el c\u00f3nyuge no separado legalmente o con pareja legalmente reconocida, los hijos de cualquier edad residentes en la vivienda, incluyendo aquellos que se encuentren bajo tutela, y si el inquilino tiene un c\u00f3nyuge o pareja de hecho que viva en la misma vivienda.<\/span><span data-ccp-props=\"{\">\u00a0<\/span><\/p>\n<h2><span data-ccp-props=\"{\">\u00a0<\/span>\u00bfC\u00f3mo justificar la situaci\u00f3n de vulnerabilidad econ\u00f3mica?<\/h2>\n<p><span data-contrast=\"auto\">Dentro de las modificaciones de la ley de Vivienda que ha llevado a cabo el gobierno, tambi\u00e9n ha influido en la reducci\u00f3n de tr\u00e1mites, para poder facilitar el acceso a las ayudas, potenciando a que todos los que necesiten solicitarla no tengan muchas dificultades en adquirirla. Pero \u00bfqu\u00e9 documentaci\u00f3n se necesita para validar que se cumplen con los requisitos para poder solicitar dicha ayuda?<\/span><span data-ccp-props=\"{\">\u00a0<\/span><\/p>\n<ul>\n<li><span data-contrast=\"auto\">Si eres desempleado, podr\u00e1s acudir al <\/span><a href=\"https:\/\/www.sepe.es\/HomeSepe\/que-es-el-sepe\/comunicacion-institucional\/noticias\/historico-de-noticias\/2022\/detalle-noticia.html?folder=\/2022\/Diciembre\/&amp;detail=Necesitas-un-certificado-de-la-prestacion-que-estas-percibiendo-Te-contamos-como-puedes-solicitarlo\" target=\"_blank\" rel=\"noopener\"><span data-contrast=\"none\">SEPE<\/span><\/a><span data-contrast=\"auto\"> d\u00f3nde te entregar\u00e1n un certificado expedido por ellos.<\/span><span data-ccp-props=\"{\">\u00a0<\/span><\/li>\n<li data-leveltext=\"-\" data-font=\"Calibri\" data-listid=\"4\" data-list-defn-props=\"{\" aria-setsize=\"-1\" data-aria-posinset=\"2\" data-aria-level=\"1\"><span data-contrast=\"auto\">En caso de que trabajases por cuenta propia, el <\/span><a href=\"https:\/\/sede.agenciatributaria.gob.es\/Sede\/ayuda\/consultas-informaticas\/certificados-tributarios-ayuda-tecnica\/consulta-descarga-certificado-tributario-expedido\/descarga-certificado-expedido-expedientes.html\" target=\"_blank\" rel=\"noopener\"><span data-contrast=\"none\">certificado expedido lo emitir\u00e1 la AEAT<\/span><\/a><span data-contrast=\"auto\"> (Agencia Estatal de Administraci\u00f3n Tributaria), o el \u00f3rgano encargado de expedir dicho tr\u00e1mite en la comunidad aut\u00f3noma correspondiente. Este certificado se basa en la declaraci\u00f3n de cese de actividad del interesado.<\/span><span data-ccp-props=\"{\">\u00a0<\/span><\/li>\n<\/ul>\n<h2><span data-ccp-props=\"{\">\u00a0<\/span>\u00bfSe puede desahuciar en caso de vulnerabilidad del inquilino?<\/h2>\n<p><span data-ccp-props=\"{}\">\u00a0<\/span><span data-contrast=\"auto\">Conforme a la <\/span><a href=\"https:\/\/www.boe.es\/buscar\/act.php?id=BOE-A-2023-12203\" target=\"_blank\" rel=\"noopener\"><span data-contrast=\"none\">nueva Ley de Vivienda<\/span><\/a><span data-contrast=\"auto\">, en caso de situaci\u00f3n de vulnerabilidad econ\u00f3mica queda prohibido el desahucio. \u00bfY qu\u00e9 ocurre en este caso?<\/span><span data-ccp-props=\"{\">\u00a0<\/span><\/p>\n<p><span data-ccp-props=\"{\">\u00a0<\/span><span data-contrast=\"auto\">Por tanto, si un inquilino no ha pagado la renta o ha incumplido el contrato de alquiler por vulnerabilidad, no se le puede echar de la vivienda. Incluso si antes se hab\u00eda parado el proceso de desahucio o no se hab\u00eda fijado una fecha, ahora la ley permite que pidan una suspensi\u00f3n especial si est\u00e1n pasando por dificultades econ\u00f3micas, dot\u00e1ndoles de m\u00e1s tiempo para buscar otro lugar donde vivir.<\/span><span data-ccp-props=\"{\">\u00a0<\/span><\/p>\n<h3>\u00bfDe cu\u00e1nto es este aplazamiento de desahucio?<\/h3>\n<p><span data-contrast=\"auto\">Si el inquilino est\u00e1 en una situaci\u00f3n vulnerable, donde no pueda hacer frente a los pagos ni tenga otra vivienda a la que acudir, un juzgado puede detener el proceso de desahucio durante dos meses en el caso de propietarios de inmuebles que sean personas f\u00edsicas y cuatro meses para personas jur\u00eddicas.<\/span><span data-ccp-props=\"{\">\u00a0<\/span><\/p>\n<p><span data-contrast=\"auto\">Una vez aprobado el desahucio, se debe\u202fnotificar la fecha y hora exactas del desalojo\u202ftanto al inquilino como al arrendador. En casos de vulnerabilidad, la ley exige informar a mayores a las\u202fautoridades competentes en vivienda y asistencia social, quienes les proporcionar\u00e1n ayuda, tomando las medidas que sean necesarias.<\/span><span data-ccp-props=\"{\">\u00a0<\/span><\/p>\n<h2>\u00bfLos arrendadores tienen derecho a pedir una compensaci\u00f3n?<\/h2>\n<p><span data-contrast=\"auto\">La respuesta es s\u00ed, los arrendadores tienen derecho a pedir una compensaci\u00f3n monetaria que subsane los impagos y deudas del inquilino en situaci\u00f3n de vulnerabilidad. La compensaci\u00f3n cubrir\u00e1 las rentas mensuales impagadas y tambi\u00e9n los gastos corrientes de la vivienda durante el periodo de impago.<\/span><span data-ccp-props=\"{\">\u00a0<\/span><\/p>\n<p><span data-contrast=\"auto\">La compensaci\u00f3n se procesar\u00e1 a los tres meses posteriores del informe de los servicios sociales, con las medidas pertinentes para facilitar una soluci\u00f3n de vivienda a la unidad familiar vulnerable.<\/span><span data-ccp-props=\"{\">\u00a0<\/span><\/p>\n<h3>\u00bfCu\u00e1l es la compensaci\u00f3n?<\/h3>\n<p><span data-contrast=\"auto\">La compensaci\u00f3n que podr\u00e1n recibir los arrendadores ser\u00e1 un valor medio del alquiler de la vivienda (teniendo en cuenta todos los factores del entorno que le aportan dicho valor), m\u00e1s los gastos corrientes. El per\u00edodo de tiempo que se tendr\u00e1 en cuenta ser\u00e1 desde la suspensi\u00f3n del pago del alquiler hasta que se d\u00e9 por finalizado el estado de alarma. Si esa cuant\u00eda es superior a la renta establecida, la compensaci\u00f3n ser\u00e1 igual al per\u00edodo donde se dej\u00f3 de percibir la renta, adem\u00e1s de los gastos corrientes.<\/span><span data-ccp-props=\"{\">\u00a0<\/span><\/p>\n<p><span data-contrast=\"auto\">Las compensaciones ser\u00e1n otorgadas por las Comunidades Aut\u00f3nomas en las que se halle el inmueble. La petici\u00f3n de la indemnizaci\u00f3n ser\u00e1 presentada ante ellas de forma electr\u00f3nica o presencial. <\/span><span data-ccp-props=\"{\">\u00a0<\/span><\/p>\n<p><span data-contrast=\"auto\">El <a href=\"https:\/\/onlygal.es\/alquiler\/como-solicitar-la-compensacion-por-suspension-de-desahucio\/\">procedimiento para solicitar la compensaci\u00f3n<\/a> variar\u00e1 en funci\u00f3n de la Comunidad Aut\u00f3noma correspondiente aunque por lo general, habr\u00e1 que presentar el DNI del interesado, una solicitud firmada, el contrato de arrendamiento, una exposici\u00f3n razonada de la compensaci\u00f3n que se solicita, las facturas de los gastos corrientes de la vivienda durante el periodo de suspensi\u00f3n del desahucio, el auto judicial de suspensi\u00f3n del desahucio y una cuenta bancaria para el abono de la compensaci\u00f3n. <\/span><span data-ccp-props=\"{\">\u00a0<\/span><\/p>\n<p><span data-contrast=\"auto\">En conclusi\u00f3n, pese a ser un asunto delicado y complejo con varios pasos legales, tanto\u202fpropietarios\u202fcomo\u202finquilinos\u202fdeben estar informados de sus\u202fderechos y responsabilidades\u202fdurante este procedimiento. <\/span><\/p>\n<p><span data-contrast=\"auto\">Hacer una buena intervenci\u00f3n es crucial para asegurar que el proceso se lleve a cabo adecuadamente, como indica la ley. En situaciones de dificultades econ\u00f3micas podemos solventar el conflicto antes de llegar al desalojo, la\u202fcomunicaci\u00f3n abierta\u202fy el\u202fasesoramiento legal\u202fpueden ser claves para encontrar una soluci\u00f3n amistosa y justa para ambas partes involucradas.<\/span><span data-ccp-props=\"{\">\u00a0<\/span><\/p>\n<\/div><\/div><\/div><\/div><\/div>\n","protected":false},"excerpt":{"rendered":"","protected":false},"author":13,"featured_media":10933,"comment_status":"open","ping_status":"open","sticky":false,"template":"","format":"standard","meta":{"_acf_changed":false,"inline_featured_image":false,"footnotes":""},"categories":[10,8],"tags":[20,22,51,52,54],"class_list":["post-10922","post","type-post","status-publish","format-standard","has-post-thumbnail","hentry","category-impago","category-ley","tag-alquiler","tag-desahucios","tag-impagos","tag-inquilinos","tag-ocupacion"],"acf":[],"_links":{"self":[{"href":"https:\/\/onlygal.es\/alquiler\/wp-json\/wp\/v2\/posts\/10922","targetHints":{"allow":["GET"]}}],"collection":[{"href":"https:\/\/onlygal.es\/alquiler\/wp-json\/wp\/v2\/posts"}],"about":[{"href":"https:\/\/onlygal.es\/alquiler\/wp-json\/wp\/v2\/types\/post"}],"author":[{"embeddable":true,"href":"https:\/\/onlygal.es\/alquiler\/wp-json\/wp\/v2\/users\/13"}],"replies":[{"embeddable":true,"href":"https:\/\/onlygal.es\/alquiler\/wp-json\/wp\/v2\/comments?post=10922"}],"version-history":[{"count":4,"href":"https:\/\/onlygal.es\/alquiler\/wp-json\/wp\/v2\/posts\/10922\/revisions"}],"predecessor-version":[{"id":12034,"href":"https:\/\/onlygal.es\/alquiler\/wp-json\/wp\/v2\/posts\/10922\/revisions\/12034"}],"wp:featuredmedia":[{"embeddable":true,"href":"https:\/\/onlygal.es\/alquiler\/wp-json\/wp\/v2\/media\/10933"}],"wp:attachment":[{"href":"https:\/\/onlygal.es\/alquiler\/wp-json\/wp\/v2\/media?parent=10922"}],"wp:term":[{"taxonomy":"category","embeddable":true,"href":"https:\/\/onlygal.es\/alquiler\/wp-json\/wp\/v2\/categories?post=10922"},{"taxonomy":"post_tag","embeddable":true,"href":"https:\/\/onlygal.es\/alquiler\/wp-json\/wp\/v2\/tags?post=10922"}],"curies":[{"name":"wp","href":"https:\/\/api.w.org\/{rel}","templated":true}]}}